{"@context":"https:\/\/schema.org\/","@type":"CollectionPage","@id":"https:\/\/www.mpu.sk\/www\/#CollectionPage","headline":"Www Category","description":"","url":"https:\/\/www.mpu.sk\/www\/","hasPart":[{"@type":"Article","@id":"https:\/\/www.mpu.sk\/nezamestnanost-dobrovolna-a-nedobrovolna\/","headline":"Nezamestnanos\u0165 dobrovo\u013en\u00e1 a nedobrovo\u013en\u00e1","url":"https:\/\/www.mpu.sk\/nezamestnanost-dobrovolna-a-nedobrovolna\/","datePublished":"2019-03-14","dateModified":"2023-04-26","mainEntityOfPage":"https:\/\/www.mpu.sk\/nezamestnanost-dobrovolna-a-nedobrovolna\/","author":{"@type":"Person","@id":"https:\/\/www.mpu.sk\/author\/#Person","name":"","url":"https:\/\/www.mpu.sk\/author\/","identifier":1,"image":{"@type":"ImageObject","@id":"https:\/\/secure.gravatar.com\/avatar\/614460c3109f6ef46730ae87c5e2be623f574940fabcec1214dc0d8d5af688cf?s=96&d=mm&r=g","url":"https:\/\/secure.gravatar.com\/avatar\/614460c3109f6ef46730ae87c5e2be623f574940fabcec1214dc0d8d5af688cf?s=96&d=mm&r=g","height":96,"width":96}},"publisher":{"@type":"Organization","name":"mpu.sk","logo":{"@type":"ImageObject","@id":"\/logo.png","url":"\/logo.png","width":600,"height":60}},"image":{"@type":"ImageObject","@id":"https:\/\/www.mpu.sk\/wp-content\/uploads\/img_a300602_w16570_t1557847044.jpg","url":"https:\/\/www.mpu.sk\/wp-content\/uploads\/img_a300602_w16570_t1557847044.jpg","height":0,"width":0},"keywords":null},{"@type":"Article","@id":"https:\/\/www.mpu.sk\/tohtorocna-nobelova-cena-za-ekonomiu-ma-dvoch-vitazov\/","headline":"Tohtoro\u010dn\u00e1 Nobelova cena za ekon\u00f3miu m\u00e1 dvoch v\u00ed\u0165azov","url":"https:\/\/www.mpu.sk\/tohtorocna-nobelova-cena-za-ekonomiu-ma-dvoch-vitazov\/","datePublished":"2018-08-30","dateModified":"2023-04-26","mainEntityOfPage":"https:\/\/www.mpu.sk\/tohtorocna-nobelova-cena-za-ekonomiu-ma-dvoch-vitazov\/","author":{"@type":"Person","@id":"https:\/\/www.mpu.sk\/author\/#Person","name":"","url":"https:\/\/www.mpu.sk\/author\/","identifier":1,"image":{"@type":"ImageObject","@id":"https:\/\/secure.gravatar.com\/avatar\/614460c3109f6ef46730ae87c5e2be623f574940fabcec1214dc0d8d5af688cf?s=96&d=mm&r=g","url":"https:\/\/secure.gravatar.com\/avatar\/614460c3109f6ef46730ae87c5e2be623f574940fabcec1214dc0d8d5af688cf?s=96&d=mm&r=g","height":96,"width":96}},"publisher":{"@type":"Organization","name":"mpu.sk","logo":{"@type":"ImageObject","@id":"\/logo.png","url":"\/logo.png","width":600,"height":60}},"image":{"@type":"ImageObject","@id":"https:\/\/www.mpu.sk\/wp-content\/uploads\/img_a292722_w16570_t1540918274.png","url":"https:\/\/www.mpu.sk\/wp-content\/uploads\/img_a292722_w16570_t1540918274.png","height":0,"width":0},"keywords":null},{"@type":"Article","@id":"https:\/\/www.mpu.sk\/nic-nie-je-zadarmo\/","headline":"Ni\u010d nie je zadarmo!","url":"https:\/\/www.mpu.sk\/nic-nie-je-zadarmo\/","datePublished":"2018-07-12","dateModified":"2023-04-26","mainEntityOfPage":"https:\/\/www.mpu.sk\/nic-nie-je-zadarmo\/","author":{"@type":"Person","@id":"https:\/\/www.mpu.sk\/author\/#Person","name":"","url":"https:\/\/www.mpu.sk\/author\/","identifier":1,"image":{"@type":"ImageObject","@id":"https:\/\/secure.gravatar.com\/avatar\/614460c3109f6ef46730ae87c5e2be623f574940fabcec1214dc0d8d5af688cf?s=96&d=mm&r=g","url":"https:\/\/secure.gravatar.com\/avatar\/614460c3109f6ef46730ae87c5e2be623f574940fabcec1214dc0d8d5af688cf?s=96&d=mm&r=g","height":96,"width":96}},"publisher":{"@type":"Organization","name":"mpu.sk","logo":{"@type":"ImageObject","@id":"\/logo.png","url":"\/logo.png","width":600,"height":60}},"image":{"@type":"ImageObject","@id":"https:\/\/www.mpu.sk\/wp-content\/uploads\/img_a291090_w16570_t1536765540.jpg","url":"https:\/\/www.mpu.sk\/wp-content\/uploads\/img_a291090_w16570_t1536765540.jpg","height":0,"width":0},"keywords":null},{"@type":"Article","@id":"https:\/\/www.mpu.sk\/predaj-bytu-ktory-ma-tarchu-na-uvery-bude-to-zlozitejsi-proces\/","headline":"Predaj bytu, ktor\u00fd m\u00e1 \u0165archu na \u00favery? Bude to zlo\u017eitej\u0161\u00ed proces","url":"https:\/\/www.mpu.sk\/predaj-bytu-ktory-ma-tarchu-na-uvery-bude-to-zlozitejsi-proces\/","datePublished":"2018-01-21","dateModified":"2023-04-26","mainEntityOfPage":"https:\/\/www.mpu.sk\/predaj-bytu-ktory-ma-tarchu-na-uvery-bude-to-zlozitejsi-proces\/","author":{"@type":"Person","@id":"https:\/\/www.mpu.sk\/author\/#Person","name":"","url":"https:\/\/www.mpu.sk\/author\/","identifier":1,"image":{"@type":"ImageObject","@id":"https:\/\/secure.gravatar.com\/avatar\/614460c3109f6ef46730ae87c5e2be623f574940fabcec1214dc0d8d5af688cf?s=96&d=mm&r=g","url":"https:\/\/secure.gravatar.com\/avatar\/614460c3109f6ef46730ae87c5e2be623f574940fabcec1214dc0d8d5af688cf?s=96&d=mm&r=g","height":96,"width":96}},"publisher":{"@type":"Organization","name":"mpu.sk","logo":{"@type":"ImageObject","@id":"\/logo.png","url":"\/logo.png","width":600,"height":60}},"image":{"@type":"ImageObject","@id":"https:\/\/www.mpu.sk\/wp-content\/uploads\/img_a286043_w16570_t1521657839.jpg","url":"https:\/\/www.mpu.sk\/wp-content\/uploads\/img_a286043_w16570_t1521657839.jpg","height":0,"width":0},"keywords":null}]}