[{"@context":"https:\/\/schema.org\/","@type":"Article","@id":"https:\/\/www.mpu.sk\/tlac-fotografii-je-opat-v-mode\/#Article","mainEntityOfPage":"https:\/\/www.mpu.sk\/tlac-fotografii-je-opat-v-mode\/","headline":"Tla\u010d fotografi\u00ed je op\u00e4\u0165 v m\u00f3de","name":"Tla\u010d fotografi\u00ed je op\u00e4\u0165 v m\u00f3de","description":"Boli ste aj vy na nejakom zauj\u00edmavom mieste? Na mieste, na ktor\u00e9 budete e\u0161te dlho spom\u00edna\u0165, bolo tam kr\u00e1sne a&hellip;","datePublished":"2021-06-23","dateModified":"2023-04-26","author":{"@type":"Person","@id":"https:\/\/www.mpu.sk\/author\/#Person","name":"","url":"https:\/\/www.mpu.sk\/author\/","identifier":1,"image":{"@type":"ImageObject","@id":"https:\/\/secure.gravatar.com\/avatar\/614460c3109f6ef46730ae87c5e2be623f574940fabcec1214dc0d8d5af688cf?s=96&d=mm&r=g","url":"https:\/\/secure.gravatar.com\/avatar\/614460c3109f6ef46730ae87c5e2be623f574940fabcec1214dc0d8d5af688cf?s=96&d=mm&r=g","height":96,"width":96}},"publisher":{"@type":"Organization","name":"mpu.sk","logo":{"@type":"ImageObject","@id":"\/logo.png","url":"\/logo.png","width":600,"height":60}},"image":{"@type":"ImageObject","@id":"https:\/\/www.mpu.sk\/wp-content\/uploads\/fotenie,%20mobil,%20kamar%C3%A1tky.jpg","url":"https:\/\/www.mpu.sk\/wp-content\/uploads\/fotenie,%20mobil,%20kamar%C3%A1tky.jpg","height":0,"width":0},"url":"https:\/\/www.mpu.sk\/tlac-fotografii-je-opat-v-mode\/","about":["Business"],"wordCount":396,"articleBody":"      Boli ste aj vy na nejakom zauj\u00edmavom mieste? Na mieste, na ktor\u00e9 budete e\u0161te dlho spom\u00edna\u0165, bolo tam kr\u00e1sne a bolo by takmer hriechom, ak by ste si odtia\u013e nepriniesli nieko\u013eko sn\u00edmok, resp. fotiek. A nielen kv\u00f4li samotn\u00e9mu prostrediu, ale aj kv\u00f4li va\u0161im bl\u00edzkym, s ktor\u00fdmi ste tam tieto pr\u00edjemn\u00e9 \u010dasy str\u00e1vili. Pravdepodobne aj ich chcete ma\u0165 zve\u010dnen\u00fdch na t\u00fdchto pam\u00e4tn\u00fdch fotk\u00e1ch.V dne\u0161nej dobe chytr\u00fdch mobilov a \u00falo\u017en\u00fdch miest s ve\u013ekou kapacitou prakticky nie je probl\u00e9m spravi\u0165 nespo\u010detne ve\u013ea sn\u00edmok. Vlastne v\u0161ade, kde sa nach\u00e1dzate. St\u00e1le so sebou nos\u00edte svoj drah\u00fd mobil, \u010do ur\u010dite rob\u00ed aj kvalitn\u00e9 sn\u00edmky, tak pre\u010do to teda nevyu\u017ei\u0165? A navy\u0161e, ak sa nach\u00e1dzate na nejakom exotickom \u010di inak atrakt\u00edvnom mieste.A teraz si predstavte, ak\u00e9 skvel\u00e9 by to bolo, ak by tieto sn\u00edmky nemali iba podobu s\u00faborov v mobile a ani s\u00faborov v po\u010d\u00edta\u010di, ale keby sa z nich dal zhotovi\u0165 skuto\u010dn\u00fd fotoalbum. Teda tie origin\u00e1lne fotky, ktor\u00fdch sa d\u00e1 fyzicky dotkn\u00fa\u0165. T\u00fato mo\u017enos\u0165 v\u00e1m pon\u00faka tlac fotografii online Fotky za babku. Op\u00e4\u0165 sa to vracia do m\u00f3dy a dnes je to jednoduch\u0161ie, ako hocikedy predt\u00fdm. Va\u0161e image s\u00fabory m\u00f4\u017eete zasla\u0165 do foto\u0161t\u00fadia priamo cez internet, \u010di\u017ee online. Jednoducho ich nahr\u00e1te do syst\u00e9mu a n\u00e1sledne len po\u010dk\u00e1te p\u00e1r dn\u00ed na ich vyvolanie.S\u00fa\u010dasn\u00fdm trendom je teda kombin\u00e1cia modern\u00fdch postupov s retro formou. Postup, ak\u00fdm odovzd\u00e1te svoje sn\u00edmky vyu\u017e\u00edva jednoduch\u00e9 online n\u00e1stroje. Naopak zhotovenie, tla\u010denie a vyvolanie sn\u00edmok zah\u0155\u0148a odborn\u00e9 postupy, aby bol v\u00fdsledok \u010do najkvalitnej\u0161\u00ed. A aby ste si v z\u00e1vere mohli va\u0161e najlep\u0161ie sn\u00edmky podr\u017ea\u0165 v ruk\u00e1ch, tak ako skuto\u010dne hodnotn\u00e9 fotky, nielen ak\u00e9si straten\u00e9 s\u00fabory na pam\u00e4\u0165ovej karte.Nehovoriac o tom, \u017ee zo sn\u00edmok sa daj\u00fa zhotovi\u0165 aj ve\u013ekorozmern\u00e9 fotografie \u010di dokonca fotoobrazy.Fotoobrazy m\u00f4\u017eu sl\u00fa\u017ei\u0165 ako p\u00fatav\u00e1 dekor\u00e1cia interi\u00e9ru, takisto m\u00f4\u017eu posl\u00fa\u017ei\u0165 ako pekn\u00fd dar\u010dek.                                                                                                                                                                                                                                                                                                                                                                                          4.3\/5 - (13 votes)        "},{"@context":"https:\/\/schema.org\/","@type":"BreadcrumbList","itemListElement":[{"@type":"ListItem","position":1,"name":"Tla\u010d fotografi\u00ed je op\u00e4\u0165 v m\u00f3de","item":"https:\/\/www.mpu.sk\/tlac-fotografii-je-opat-v-mode\/#breadcrumbitem"}]}]