[{"@context":"https:\/\/schema.org\/","@type":"Article","@id":"https:\/\/www.mpu.sk\/co-robit-ked-mate-svoje-dni\/#Article","mainEntityOfPage":"https:\/\/www.mpu.sk\/co-robit-ked-mate-svoje-dni\/","headline":"\u010co robi\u0165, ke\u010f m\u00e1te svoje dni?","name":"\u010co robi\u0165, ke\u010f m\u00e1te svoje dni?","description":"\u017densk\u00e9 probl\u00e9my s\u00fa nie\u010do, \u010do n\u00e1s sprev\u00e1dza cel\u00fdm \u017eivotom. Nie je to ni\u010d, \u010do by bolo neobvykl\u00e9 a\u00a0je jasn\u00e9, \u017ee&hellip;","datePublished":"2018-06-28","dateModified":"2023-04-26","author":{"@type":"Person","@id":"https:\/\/www.mpu.sk\/author\/#Person","name":"","url":"https:\/\/www.mpu.sk\/author\/","identifier":1,"image":{"@type":"ImageObject","@id":"https:\/\/secure.gravatar.com\/avatar\/614460c3109f6ef46730ae87c5e2be623f574940fabcec1214dc0d8d5af688cf?s=96&d=mm&r=g","url":"https:\/\/secure.gravatar.com\/avatar\/614460c3109f6ef46730ae87c5e2be623f574940fabcec1214dc0d8d5af688cf?s=96&d=mm&r=g","height":96,"width":96}},"publisher":{"@type":"Organization","name":"mpu.sk","logo":{"@type":"ImageObject","@id":"\/logo.png","url":"\/logo.png","width":600,"height":60}},"image":{"@type":"ImageObject","@id":"https:\/\/www.mpu.sk\/wp-content\/uploads\/img_a290558_w16570_t1535476002.jpg","url":"https:\/\/www.mpu.sk\/wp-content\/uploads\/img_a290558_w16570_t1535476002.jpg","height":0,"width":0},"url":"https:\/\/www.mpu.sk\/co-robit-ked-mate-svoje-dni\/","about":["Deti"],"wordCount":425,"articleBody":"\u017densk\u00e9 probl\u00e9my s\u00fa nie\u010do, \u010do n\u00e1s sprev\u00e1dza cel\u00fdm \u017eivotom. Nie je to ni\u010d, \u010do by bolo neobvykl\u00e9 a\u00a0je jasn\u00e9, \u017ee nech sa deje \u010doko\u013evek, v\u017edy sa m\u00f4\u017eete spo\u013eahn\u00fa\u0165 na to, \u017ee vo va\u0161om \u017eivote sa stane nie\u010do, \u010do by v\u00e1s rozhodilo. A\u00a0my \u017eeny sa teda nech\u00e1me ve\u013emi \u010dasto rozhodi\u0165. Napr\u00edklad aj t\u00fdm, ke\u010f sa v\u00a0nevhodnom \u010dase dostavia na\u0161e dni. Men\u0161tru\u00e1cia je nie\u010do, \u010do n\u00e1s otravuje, no v\u00a0niektor\u00fdch pr\u00edpadoch sme ve\u013emi v\u010fa\u010dn\u00e9 za to, \u017ee sa v\u00f4bec dostav\u00ed. A\u00a0aj ke\u010f mo\u017eno m\u00e1te pocit, \u017ee nie\u010do nie je pod\u013ea pl\u00e1nov, neznamen\u00e1 to, \u017ee by ste s\u00a0t\u00fdm nemohli nie\u010do urobi\u0165. Men\u0161tru\u00e1cia nemus\u00ed by\u0165 tr\u00e1penie, ktor\u00e9 je pre v\u00e1s nie\u010do otrasn\u00e9.\u00a0Ako by\u0165 v\u00a0pohode aj vtedy, ke\u010f m\u00e1m svoje dni?\u00a0Mo\u017eno v\u00e1s to prekvap\u00ed a\u00a0mo\u017eno nie, ale v\u00a0niektor\u00fdch krajin\u00e1ch \u017eeny po\u010das men\u0161tru\u00e1cie ni\u010d nerobia, len tak le\u017eia a\u00a0tv\u00e1ria sa, \u017ee sa ich vlastne v\u00f4bec ni\u010d net\u00fdka. Jednoducho vtedy oddychuj\u00fa. My v\u0161ak \u017eijeme v\u00a0tom, \u017ee men\u0161tru\u00e1cia nie je choroba a\u00a0\u017ee by sme mali robi\u0165 \u00faplne v\u0161etko, \u010do sa d\u00e1. Nejak\u00fd oddych nie je mo\u017en\u00fd a\u00a0ka\u017ed\u00fa boles\u0165 zab\u00edjame ru\u017eovou tabletkou. Ako si v\u0161ak m\u00f4\u017eete naozaj odd\u00fdchnu\u0165 a\u00a0neumiera\u0165 na k\u0155\u010de brucha? Existuje naozaj nieko\u013eko perfektn\u00fdch rie\u0161en\u00ed.\u00a0\u010co pom\u00f4\u017ee v\u00e1m?\u00a0Ak potrebujete nie\u010do na zmiernenie bolesti, m\u00f4\u017eete sk\u00fasi\u0165 klasiku, a\u00a0to tepl\u00fd obklad na brucho. Verte tomu, \u017ee aj ke\u010f sa pri tom v\u00e4\u010d\u0161ina \u017eien tv\u00e1ri skepticky, pravdou je, \u017ee to naozaj pom\u00e1ha. Mnoh\u00e9 \u017eeny odpor\u00fa\u010daj\u00fa aj tepl\u00fd k\u00fape\u013e, no v\u00e4\u010d\u0161inou sa \u017eeny ve\u013emi po\u010das men\u0161tru\u00e1cie k\u00fapa\u0165 nechc\u00fa. Pom\u00e1ha aj taktie\u017e oddych a\u00a0\u00fapln\u00fd pokoj, kedy sa proste len tak nad v\u0161etk\u00fdm zastav\u00edte a\u00a0pust\u00edte si nejak\u00fd dobr\u00fd film. Naozaj je ve\u013emi d\u00f4le\u017eit\u00fd relax a\u00a0presne to je nie\u010do, \u010do v\u00e4\u010d\u0161ina \u017eien po\u010das svojich dn\u00ed potrebuje. Mo\u017eno to nie je choroba, ale pravdou je, \u017ee vtedy by sme teda boli ur\u010dite rad\u0161ej na chorej a\u00a0tv\u00e1rili sa, \u017ee sa nem\u00f4\u017eeme z\u00a0postele ani pohn\u00fa\u0165. Aspo\u0148 tie prv\u00e9 dni.                                                                                                                                                                                                                                                                                                                                                                                        4.4\/5 - (12 votes)        "},{"@context":"https:\/\/schema.org\/","@type":"BreadcrumbList","itemListElement":[{"@type":"ListItem","position":1,"name":"\u010co robi\u0165, ke\u010f m\u00e1te svoje dni?","item":"https:\/\/www.mpu.sk\/co-robit-ked-mate-svoje-dni\/#breadcrumbitem"}]}]